{"id":127,"date":"2011-02-15T01:04:52","date_gmt":"2011-02-15T00:04:52","guid":{"rendered":"http:\/\/klondike.xiscosoft.es\/klog\/?p=127"},"modified":"2011-02-15T13:06:11","modified_gmt":"2011-02-15T12:06:11","slug":"respuesta-comentada-y-expandida-abierta-a-la-carta-abierta-de-cpes15-cc-pacoragageles-belindagaliano-perrypabloanton-y-a-los-campuseros-interesados","status":"publish","type":"post","link":"https:\/\/klondike.es\/klog\/2011\/02\/15\/respuesta-comentada-y-expandida-abierta-a-la-carta-abierta-de-cpes15-cc-pacoragageles-belindagaliano-perrypabloanton-y-a-los-campuseros-interesados\/","title":{"rendered":"Respuesta (comentada y expandida) abierta a la carta abierta de #cpes15 cc @pacoragageles @belindagaliano @perrypabloanton y a los @campuseros interesados"},"content":{"rendered":"<p>Hola, vamos a empezar por el hecho de que aunque poco, algo he dormido. Es una l\u00e1stima que normalmente tenga las mejores ideas cuando estoy cansado pero sea entonces cuando peor las llevo a cabo (como esta carta por ejemplo). Supongo que es la aleatoriedad extra de las neuronas al estar cansadas que incrementa mi creatividad.<\/p>\n<p>En fin, en esta entrada s\u00f3lo quiero a\u00f1adir algunos comentarios sobre la respuesta original para clarificar mi intenci\u00f3n y algunos de los puntos de la misma. Una cr\u00edtica que he recibido es que he abusado de la primera persona del singular. Pido disculpas, me gusta dar hechos que he experimentado en mis propias carnes cuando opino sobre algo.<\/p>\n<blockquote>\n<blockquote><p>15 ediciones han pasado desde que en el verano de 1997 realizamos en Mollina la primera Campus Party de la historia. En este tiempo han sucedido tantas cosas\u2026 los usuarios de Internet hemos pasado de &#8220;freakies&#8221; a ser los \u201cgeek\u201d que est\u00e1n cambiando el mundo a mejor.<\/p><\/blockquote>\n<p>Nunca dejamos de ser ni frikis ni geeks. Lo \u00fanico que ha cambiado es la forma de vernos. Hace 15 a\u00f1os eramos j\u00f3venes (vamos yo ten\u00eda 7 a\u00f1os al menos) y \u00bfqui\u00e9n va a escuchar a un cr\u00edo friky de 7 a\u00f1os? Ahora tengo 22, y los hechos est\u00e1n hablando por si solos. O eso creo.<\/p><\/blockquote>\n<p>Creo que el mensaje aqu\u00ed esta claro. Friki, geek&#8230; siguen siendo etiquetas. La mayor\u00eda de los veteranos del evento son las mismas personas, lo \u00fanico que ha cambiado es que han madurado y eso suele jugar en su favor<\/p>\n<blockquote>\n<blockquote><p>Hemos crecido de ser una Campus a las 9 ediciones que realizaremos en este 2011 por todo el mundo; de unos pocos miles a casi 90.000 campuseros, cifras que nos llenan de orgullo por el enorme logro que hemos conseguido todos juntos.<\/p><\/blockquote>\n<p>Crecer s\u00f3lo es bueno mientras puedas mantener tu nuevo estado. Durante un tiempo ha parecido que el crecimiento s\u00f3lo os ha tra\u00eddo problemas, pero por ahora parece que estos problemas os han curtido y ahora hab\u00e9is vuelto m\u00e1s grandes y fuertes.<\/p><\/blockquote>\n<p>Aqu\u00ed s\u00f3lo hay un aviso y una felicitaci\u00f3n. Durante estos dos \u00faltimos a\u00f1os (sobre todo hace dos a\u00f1os) los campuseros de Valencia nos sentimos muy olvidados comparados con las nuevas ediciones. Este a\u00f1o la cosa parece que ha mejorado, si sale bien habr\u00e9is crecido y sido capaces de mantener ese nuevo tama\u00f1o.<\/p>\n<blockquote>\n<blockquote><p>El a\u00f1o pasado vivimos unas circunstancias muy desfavorables en Espa\u00f1a. Lo m\u00e1s crudo de la crisis que afecta a nuestro pa\u00eds, sumado al problema de espacio que nos supuso la p\u00e9rdida a ultima hora del Agora, nos oblig\u00f3 a organizar una edici\u00f3n de m\u00ednimos en todos los sentidos menos en la calidad de los participantes: una vez mas fuisteis lo mejor de #CpEs14.<\/p><\/blockquote>\n<p>Aunque me duela la organizaci\u00f3n hicisteis lo que pudisteis por hacernos la estancia agradable. Kudos al equipo nocturno desde dinamizadores a alta direcci\u00f3n por su habilidad a la hora de gestionar sin incidentes a los que se pasaron con el alcohol. Hubo fallos, algunos muy gordos que no quiero comentar, pero eso siempre pasa. Por ejemplo el sistema de mensajer\u00eda que preparamos en @campuseros resulto ser un fiasco cuando escalaba, a\u00fan con eso hicimos un parche y ofrecimos una soluci\u00f3n alternativa. \u00bfHab\u00e9is hecho un parche? \u00bfFuncionar\u00e1? Eso est\u00e1 por ver \ud83d\ude09<\/p><\/blockquote>\n<p>Poco que decir, quiz\u00e1s sobra el &#8220;aunque me duela&#8221;, lo cierto es que salvo un par de excepciones debidas a imagen p\u00fablica y mala comunicaci\u00f3n la organizaci\u00f3n os lo currasteis mucho y tuvisteis buen trato con los campuseros (o al menos as\u00ed lo sent\u00ed yo y la gente con la que habl\u00e9).<\/p>\n<p>Reitero mi felicitaci\u00f3n al equipo nocturno, pues tuvieron un tacto muy bueno  para tratar algunas situaciones delicadas que surgieron.<\/p>\n<p>Es cierto que el a\u00f1o pasado hubo algunos fallos gordos, yo tambi\u00e9n los tuve (\u00bfQui\u00e9n me iba a decir que las llamadas a funciones en C del sistema de mensajer\u00eda desde python no iban a ser at\u00f3micas U_U?). Pero creo que al igual que yo hicisteis cuanto estuvo en vuestra mano para arreglar la mayor\u00eda o mitigar sus efectos y eso os honra.<\/p>\n<p>Por \u00faltimo s\u00f3lo os dejo un par de preguntas abiertas. Que hab\u00e9is hecho un parche para muchos de los fallos que ha habido en ediciones anteriores es obvio seg\u00fan lo que anunci\u00e1is vosotros mismos. Respecto a si funcionar\u00e1 o no eso s\u00f3lo el tiempo lo dir\u00e1.<\/p>\n<blockquote>\n<blockquote><p>Hoy presentamos la edici\u00f3n d\u00e9cimoquinta de Campus Party en Espa\u00f1a y lo hacemos con la seguridad de que ser\u00e1 la m\u00e1s espectacular de la historia.<\/p><\/blockquote>\n<p>Eso est\u00e1 por ver, \u00bfvendr\u00e1 kevin mitnick a tomarse una foto a mi puesto? Shuttleworth lo hizo y nunca le estar\u00e9 lo bastante agradecido por lo que ese peque\u00f1o gesto signific\u00f3 para mi. Quiz\u00e1s esa es una de las razones de que hoy use Linux completamente y siga yendo a la campus.<\/p><\/blockquote>\n<p>Quiz\u00e1s esto parezca un poco agresivo, pero no es ni de lejos la realidad. Lo \u00fanico que pretendo es hacer una peque\u00f1a puntualizaci\u00f3n sobre c\u00f3mo hasta hace dos a\u00f1os los ponentes guays parec\u00edan estar m\u00e1s cerca de los campuseros que en las \u00faltimas ediciones (o esa es mi percepci\u00f3n): te los ve\u00edas paseando, al ir a comer al catering pod\u00edas charlar con ellos de cualquier tema de inter\u00e9s relacionado&#8230; Son estas peque\u00f1as cosas las que diferencian una charla de una relaci\u00f3n bidireccional, y hacen que la experiencia del evento mejore pues mientras una charla la puedes ver en v\u00eddeo o streaming, lo que de verdad hace que merezca la pena verla en vivo es poder interactuar con el ponente. Intentad \u00e1nimar a los ponentes a hacer algo m\u00e1s que subir a la palestra dar su charla y bajar \ud83d\ude09<\/p>\n<blockquote>\n<blockquote><p>Estamos poniendo todo el coraz\u00f3n y nuestra experiencia de estos a\u00f1os que nos hacen anticipar que \u00e9sta no ser\u00e1 una Campus que pase desapercibida y te anticipo varios de estos elementos:<\/p><\/blockquote>\n<p>Me duele decirlo, pero tras lo de los dos a\u00f1os pasados la campus muri\u00f3 para muchos. Por favor, no me fall\u00e9is a mi tambi\u00e9n, no hag\u00e1is que la campus muera para mi tambi\u00e9n, pues s\u00f3lo sigo teniendo fe en algunos (pocos) miembros del equipo y no me gustar\u00eda perderla. Ellos saben quienes son, gracias por vuestro esfuerzo, estar con vosotros siempre ha sido un placer.<\/p><\/blockquote>\n<p>Quiz\u00e1s este sea uno de los comentarios con m\u00e1s controversia de la respuesta. Las cosas las veo as\u00ed. En el 2009 algunos dijeron que en las condiciones indicadas volver a la CAC era un suicidio, otros dijeron que ser\u00eda lo mejor que pod\u00eda pasar y los primeros demostraron tener raz\u00f3n. En el 2010 la situaci\u00f3n acontecida con el \u00e1gora no mejoro las cosas en absoluto. Mentir\u00eda si os dijera que en estos dos a\u00f1os no o\u00eddo ni una sola vez la frase &#8220;La Campus Party ha muerto para mi&#8221; por parte de nadie, porque la he o\u00eddo varias veces, m\u00e1s de las que me gustar\u00eda. Y os lo hago saber para que lo teng\u00e1is en cuenta.<\/p>\n<p>Sin embargo a pesar de todo esto yo pienso volver este a\u00f1o, \u00bfpor qu\u00e9? Pues por un lado porque una parte de la gente (la mayor\u00eda de los que tengo el placer de conocer) s\u00e9 que se est\u00e1 esforzando mucho en conseguir llevar esto adelante, y lo s\u00e9 precisamente porque les conozco y eso me hace tener confianza en su buen hacer.<br \/>\nLuego est\u00e1 la mayor\u00eda del equipo a la que no tengo la oportunidad de conocer tanto como quisiera, podr\u00eda, y entender\u00e9is que yo no suela depositar mi fe en personas a las que no conozco (o no conozco casi).<br \/>\nFinalmente hay algunos, muy pocos, que me han hecho perder la fe en su forma de actuar, pero \u00a1est\u00e1n cambiando! (o eso parece) y, aunque parezca mentira, esos cambios me est\u00e1n haciendo ganar confianza en ellos tambi\u00e9n.<\/p>\n<p>S\u00f3lo espero que esto no sea otra situaci\u00f3n parecida a las de 2009 o 2010, y os pido que os esforc\u00e9is en que as\u00ed sea, pues sino al final acabar\u00e9 siendo el siguiente en decir lo de que la Campus Party ha muerto para mi. Quiz\u00e1s no en 2011, pero todos tenemos un l\u00edmite \u00bfno os parece?<\/p>\n<p>Nuevamente reitero mi felicitaci\u00f3n y agradecimiento a esa parte del equipo que hace que siga manteniendo mi fe en este evento.<\/p>\n<blockquote>\n<blockquote><p>Tecnolog\u00eda: Nunca antes en un evento \u201ca nivel mundial\u201d se tendr\u00e1 la cantidad y calidad tecnol\u00f3gica a disposici\u00f3n de sus participantes. Obviamente la red local ir\u00e1 a giga pero, adem\u00e1s, disfrutaremos de configuraci\u00f3n IPV6 y podr\u00e1s moverte por todo el recinto con LTE con m\u00f3dems suministrados por la organizaci\u00f3n y muchas m\u00e1s cosas incre\u00edbles para tu disfrute. Podremos decir sin lugar a dudas que #cpes15 ser\u00e1 el mayor laboratorio de Tecnolog\u00edas de Internet del planeta.<\/p><\/blockquote>\n<p>Eso del LTE me interesa, pero me da que no podr\u00e9 llevarme dos equipos \u00bfO pens\u00e1is cambiar eso? La verdad me har\u00eda mucha ilusi\u00f3n poder dejar mi sobremesa trabajando y llevarme mi port\u00e1til a las charlas.<\/p><\/blockquote>\n<p>Mucha gente me dir\u00eda que me lleve un smartphone en vez del port\u00e1til a las charlas, pero para mi no es lo mismo. Por un lado es muy caro y por otro lado es incapaz de hacer lo que yo puedo hacer con mi port\u00e1til aunque no llegue a la potencia y seguridad (f\u00edsica) del sobremesa.<\/p>\n<p>No veo porque no deber\u00eda poder acudir al evento con un segundo equipo mientras no ocupe m\u00e1s espacio ni recursos que los que tengo asignado \u00bfno os parece? No me importar\u00eda pagar un poco m\u00e1s para poder llev\u00e1rmelo si hace falta, y s\u00e9 que no soy el \u00fanico.<\/p>\n<p>Esta es una espina que lleva mucho tiempo clavada en la campus y que nunca es tarde para quitar \u00bfno cre\u00e9is?<\/p>\n<blockquote><p>Gracias por lo del IPV6 me va a traer (a mi y al resto del equipo t\u00e9cnico de @campuseros) muchos dolores de cabeza, pero que me quiten lo aprendido tras el evento \ud83d\ude09 No seguir\u00eda siendo parte de dicho equipo si no fuera por lo que aprendo con ellos y lo buena gente que son.<\/p><\/blockquote>\n<p>Respecto a IPv6 poco que decir. Me va a traer unos cuantos dolores de cabeza pegarme con \u00e9l para configurarlo y prepararlo (especialmente en lo que toca al firewall y redirecci\u00f3n de puertos a las m\u00e1quinas virtuales), pero me da igual pues se que aprender\u00e9 algo de todo esto y que tarde o pronto me iba a tocar.<\/p>\n<blockquote>\n<blockquote><p>-Village: R\u00edete t\u00fa de la villa ol\u00edmpica, vamos a mimarte como nunca antes: Te regalaremos la tienda de campa\u00f1a y la esterilla que ser\u00e1n instaladas lejos de los ruidos de la discoteca, tendr\u00e1s una zona de deporte, transporte a la piscina municipal con entrada gratis s\u00f3lo por ser campusero, un bar con chill out a precios reducidos, \u00e1rea de masajes, un servicio de consigna y de microondas. El a\u00f1o pasado ya se mejoraron mucho las duchas, pues este a\u00f1o a\u00fan m\u00e1s. Vamos a conseguir que tu estancia sea lo mas c\u00f3moda posible.<\/p><\/blockquote>\n<p>Reconozco que las duchas del a\u00f1o pasado estuvieron genial. El plano pinta bien pero veo cosas peligrosas:<br \/>\n&#8211; El camping estar\u00e1 al lado de la discoteca, la zona de ocio y el catering al que le toque la tienda cerca&#8230; \ud83d\ude41<\/p><\/blockquote>\n<p>Expongo un problema, pero ninguna soluci\u00f3n por el simple hecho de que es que no se me ocurre ninguna. Podr\u00edamos acampar en los jardines pero creo que el remedio ser\u00eda peor que la enfermedad y el Museo de las Artes queda muy lejos para que sea razonable usarlo. As\u00ed que nada, entiendo que a vosotros no se os ocurra tampoco ninguna soluci\u00f3n, pero si se os ocurre bienvenida ser\u00e1.<\/p>\n<blockquote><p>&#8211; \u00bfHay que contratar el servicio de acampada? Por qu\u00e9 no una soluci\u00f3n mixta, otros a\u00f1os (2008) as\u00ed fue y creo que todos salimos satisfechos.<\/p><\/blockquote>\n<p>Hay participantes que montan las cosas aprisa y corriendo (a \u00faltima hora) con lo que conlleva, y mientras el no tener catering es algo f\u00e1cil de resolver no tener donde dormir no lo es tanto.<br \/>\nTambi\u00e9n hay gente que por unas razones u otras prefiere llevarse su propia tienda.<br \/>\nNo creo que sea tan dif\u00edcil ni malo reservar 3\/4 del garaje para los que contraten el servicio de acampara y 1\/4 para el resto \u00bfno? Creo que todos salimos ganando con esta soluci\u00f3n.<\/p>\n<blockquote>\n<blockquote><p>-Arenas: S\u00ed, tendremos 2, para volver a una cifra elevada de participantes, esta vez \u201cs\u00ed\u201d tendremos el \u00c1gora. Si recuerdas cuando est\u00e1bamos en Feria ya ten\u00edamos 2 pabellones que generaban 2 ambientes, ahora ser\u00e1 lo mismo, quiz\u00e1s un poco m\u00e1s separados pero no mucho m\u00e1s, tendremos una pasarela que conectar\u00e1 ambas zonas de tal manera que no sea preciso pasar por controles de seguridad para ir de una zona a la otra, ser\u00e1 una gran Campus.<\/p><\/blockquote>\n<p>Por favor, aseguraos de que est\u00e9n bien vigilados los accesos. Soy el primero que sabe que siempre pasa algo pero no est\u00e1 de m\u00e1s prevenir.<\/p>\n<p>Sugerencia: En los controles de acceso al Museo (no se si al \u00c1gora tambi\u00e9n tienen controles con m\u00e1quinas de rayos X \u00bfpor qu\u00e9 no combinarlos con un par de detectores de metales para la gente que salga y mejorar la seguridad.<\/p><\/blockquote>\n<p>Simplemente un aviso y una sugerencia, no veo que hay de malo en ello \u00bfno?<\/p>\n<p>Aprovecho y os pongo otra m\u00e1s: haced las pasarelas accesibles, tanto por los que vayan en silla de ruedas como por los que necesiten pasar b\u00e1rtulos por ellas. <\/p>\n<blockquote>\n<blockquote><p>-Contenidos: En los pr\u00f3ximos d\u00edas conocer\u00e1s todos los contenidos y nuestro objetivo es que el 1 de marzo el 99% est\u00e9 subido en la web. Te anticipo que el nivel de ponentes magistrales internacionales es incre\u00edble, as\u00ed mismo los principales especialistas espa\u00f1oles en las diferentes \u00e1reas de contenidos estar\u00e1n en Valencia. El esfuerzo ha sido enorme para lograr lo mejor de lo mejor.<\/p><\/blockquote>\n<p>Y no os olvid\u00e9is de los no especialistas que tienen algo que contar. Si algo me ha gustado de la campus es que llevo varios a\u00f1os pudiendo dar peque\u00f1as ponencias (como en los eventos m\u00e1s peque\u00f1os) de temas de lo m\u00e1s variopinto que voy descubriendo desde ingenier\u00eda inversa a streaming por poner dos ejemplos. Esto me ha abierto muchas m\u00e1s puertas de las que me ha cerrado y me gustar\u00eda que no perdieseis ese hilo (aunque mis fuentes me dicen que no va a ser as\u00ed pues me han vuelto a ofrecer el escenario, \u00bfde qu\u00e9 hablar\u00e9 este a\u00f1o? \u00bfvirtualizaci\u00f3n? \u00bfredes? \u00bfservidores de distribuci\u00f3n de contenidos? no lo s\u00e9 pero espero que sea interesante). Abrir los escenarios a los propios campuseros (incluso a las 4 de la noche) es una buena forma de permitir compartir conocimientos.<\/p><\/blockquote>\n<p>Nada malo aqu\u00ed, creo, simplemente os pido que aunque traig\u00e1is ponentes muy chulos no os olvid\u00e9is de todos aquellos a los que nos gusta compartir nuestros conocimientos con los dem\u00e1s. Est\u00e1 demostrado que una charla del tema adecuado se llenar\u00e1 incluso aunque sea a las 5:00 de la ma\u00f1ana \ud83d\ude09<\/p>\n<p>Ya que estoy, gracias por haberme dejado subir a la palestra varias veces, en serio.<\/p>\n<blockquote>\n<blockquote><p>-Competiciones: \u00a1M\u00e1s de 200.000\u20ac en premios! Nunca antes nada parecido. Por primera vez tendremos competiciones \u201cLong Term\u201d. El 1 de Abril lanzaremos cerca de 20 actividades de competici\u00f3n, la idea es que puedas preparar tus trabajos y vengas a la campus solo a pas\u00e1rtelo bien, asistir a las conferencias y presentar tus trabajos al jurado, adem\u00e1s de este tipo, l\u00f3gicamente realizaremos competiciones \u201cexpress\u201d que ser\u00e1n como juegos, de corta duraci\u00f3n y y divertidas.<\/p><\/blockquote>\n<p>Interesante, pero los estudiantes Suecos jugaremos con ventaja me temo, la mayor\u00eda de gente tiene que currar o estudiar \ud83d\ude41<\/p><\/blockquote>\n<p>Esto lo digo porque en Suecia el curso acaba entre Mayo y Junio lo que nos sigue dando una ventaja de tiempo brutal sobre otros, pero oye no todo es tiempo en una competici\u00f3n.<\/p>\n<blockquote><p>\u00bfEst\u00e1 todo cerrado? Sab\u00e9is que me gustar\u00eda montar un concurso de Kames (de madrugada que se disfrutar\u00e1 m\u00e1s y habr\u00e1 menos personas alienas). Recordad, a\u00fan seguimos siendo frikis \ud83d\ude09<\/p><\/blockquote>\n<p>Sugerencia chorra personal, me gustar\u00eda ver alg\u00fan tipo de competici\u00f3n que obligue a los participantes a desinhibirse para ganar. Ser capaz de desinhibirse es muy importante si quer\u00e9is gente con ganas y capacidad de enfrentarse al mundo para cambiarlo, pues muchas veces eso pasa por hacer el rid\u00edculo y\/o enfrentarse a los temores propios.<\/p>\n<blockquote>\n<blockquote><p>Estamos seguros que vamos a tener un XV aniversario inolvidable y todo esto que te cuento es s\u00f3lo el principio, en las pr\u00f3ximas semanas conocer\u00e1s muchos m\u00e1s detalles.<\/p><\/blockquote>\n<p>S\u00e9 un par de sorpresas m\u00e1s pero no puedo hablar de ellas en p\u00fablico y yo suelo cumplir mi palabra con estas cosas. \u00bfHabr\u00e1 tarta?<\/p><\/blockquote>\n<p>\u00bfQu\u00e9? No v\u00e1is a ser los \u00fanicos en crear hype \u00bfno?<\/p>\n<p>Sinceramente, una tarta o alg\u00fan detalle de ese estilo (incluso una paella con velas) para celebrar este 15 aniversario estar\u00eda muy guay.<\/p>\n<blockquote>\n<blockquote><p>Por cierto, para acabar, no pod\u00edamos obviar la situaci\u00f3n econ\u00f3mica desfavorable que vive Espa\u00f1a. Es por esto que, gracias a nuestros patrocinadores que asumen este a\u00f1o m\u00e1s peso que nunca del presupuesto, hemos podido ofrecer un precio hiper reducido. La entrada costar\u00e1 128\u20ac pero si est\u00e1s en paro, eres estudiante o perteneces a una de las comunidades colaboradoras de Campus Party se reduce a 64\u20ac. Esperamos que esta peque\u00f1a ayuda sirva para aquellas personas a las que la crisis est\u00e9 afectando m\u00e1s.<\/p><\/blockquote>\n<p>Estimados patrocinadores, personas que en a\u00f1os anteriores a\u00fan recuerdo como Gilette o Microsoft. No pens\u00e9is s\u00f3lo en publicidad, s\u00e9 que en una campus hay m\u00e1s talento por metro cuadrado que en las oficinas de cualquier startup si sabes buscarlo. Aprovechad la oportunidad pues se que muchos talentos est\u00e1n buscando trabajo y las empresas a\u00fan no los han descubierto.<\/p><\/blockquote>\n<p>Sinceramente, no se me ocurre como una empresa como Gilette podr\u00eda patrocinar un \u00e1rea como rob\u00f3tica a menos que su objetivo sea vender cuchillas para robots (o afeitar a algunos de los barbudos del \u00e1rea :P). Si metemos el trabajo de por medio la cosa cambia mucho. Hacer una cuchilla no es un proceso sencillo, se requieren unos buenos conocimientos t\u00e9cnicos para hacerlo y seguro que en el \u00e1rea de rob\u00f3tica encuentran gente capaz de mejorar sus procesos de producci\u00f3n. Por supuesto puede que s\u00f3lo quisieran hacerse publicidad.<\/p>\n<p>Lo mismo va para Microsoft y muchas otras de las empresas que patrocinan la Campus, he visto gente muy v\u00e1lida all\u00ed que por circunstancias de la vida andan buscando trabajo, para estas empresas esta puede ser una oportunidad \u00fanica que no deber\u00edan desaprovechar.<\/p>\n<blockquote><p>Podr\u00eda decir la trolleada de \u00bfc\u00f3mo va a estar relacionada la gente activa en las comunidades con estar afectados en la crisis? Me tomar\u00e9 la libertad de modificar la frase &#8220;Esperamos que esta peque\u00f1a ayuda sirva para aquellas personas a las que la crisis est\u00e9 afectando m\u00e1s&#8221; y tambi\u00e9n como agradeciemiento a todos los que desde las comunidades est\u00e1is colaborando en hacer este evento posible.<\/p><\/blockquote>\n<p>Creo que con esta he atinado \u00bfno? Corregidme si me equivoco.<\/p>\n<blockquote>\n<blockquote><p>Han pasado 15 a\u00f1os, hemos constru\u00eddo un sue\u00f1o juntos, y este a\u00f1o ten\u00edamos que devolver a nuestra Campus fundacional todo lo que ella hizo por el resto de las del planeta.<\/p><\/blockquote>\n<p>Y seguiremos, incluso aunque pase algo malo y la campus desaparezca los campuseros seguiremos movi\u00e9ndonos gracias a la semilla que hab\u00e9is plantado y si bien no se llame Campus Party el evento resurgir\u00e1 de las cenizas a\u00fan con otro nombre, pues Campus Party son los valores que representa y la gente que asiste.<\/p><\/blockquote>\n<p>Aunque suene un poco catastrofista nunca hay que olvidar que la mierda ocurre. Puede que el a\u00f1o que viene gane el PSOE en las locales y auton\u00f3micas y decidan dejar de soportar al evento. Puede que los patrocinadores acaben todos en bancarrota por una serie de casualidades e imprevistos y como poder, puede que caiga un meteorito en la CAC a dos d\u00edas del evento (Toma espect\u00e1culo astron\u00f3mico :P). Pero incluso aunque eso pase, el evento resurgir\u00eda de las cenizas, pues los campuseros seguir\u00edamos dando nuestro apoyo.<\/p>\n<blockquote><p>Nunca olvidar\u00e9 estas sabias palabras &#8220;La gente va a campus party a descargar&#8230; el primer a\u00f1o. Al siguiente vuelven por la gente, y al otro y al otro y se olvidan de descargar cosas&#8221;.<\/p><\/blockquote>\n<p>Claro ejemplo del esp\u00edritu campusero. Gracias a los medios de comunicaci\u00f3n la Campus tiene la fama de &#8220;nido de piratas&#8221; (esta cita no es m\u00eda) entre otras lindezas. A\u00fan con eso, las velocidades en Espa\u00f1a siguen siendo lo bastante r\u00e1pidas para no necesitar ir a un evento de este tipo a hacer descargas, pero sin embargo seguimos volviendo y cada vez descargamos menos (y generalmente suelen ser cosas MUY dif\u00edciles de encontrar en otros sitios).<\/p>\n<blockquote>\n<blockquote><p>Gracias por ser campusero, gracias por formar parte de un movimiento mundial capaz de ser tan solidario como para construir #somethingbetter que, c\u00f3mo no, en Valencia tendr\u00e1 su presentaci\u00f3n en Espa\u00f1a. Os animamos a que form\u00e9is parte de esta maravillosa iniciativa.<\/p><\/blockquote>\n<p>Miremos al pasado, veamos a los cibervoluntarios. Creo que siguen funcionando \u00bfno? Creo que eso naci\u00f3 en Campus \u00bfno? Sinceramente creo que #somethingbetter despegar\u00e1.<\/p><\/blockquote>\n<p>Creo que lo que hay escrito aqu\u00ed habla por si s\u00f3lo pero por si acaso: desconozco el estado del proyecto de cibervoluntarios pero la \u00faltima vez que supe de ellos estaban haci\u00e9ndolo bastante bien.<\/p>\n<blockquote><p>\nResumiendo:<br \/>\nVeo que os est\u00e1is esforzando, POR FIN, los @campuseros sentimos que nos escuchan y parece que por fin Campus Party volver\u00e1 a levantar la cabeza aunque este a\u00f1o no podr\u00e1 acabar de ponerse de pie (\u00bfo s\u00ed?, a\u00fan es pronto y se pueden mejorar muchas cosas \u00bfno?). Recordad que si hay algo que no somos es idiotas, recordamos muy bien las cosas pues gracias a Internet nuestra mente es como una colmena y lo que yo olvido seguramente otro se encargue de record\u00e1rmelo (y viceversa), no nos defraud\u00e9is otra vez por favor.<\/p><\/blockquote>\n<p>Mala elecci\u00f3n de palabras \u00bfquiz\u00e1s?. El por fin se refiere al hecho de que nos sentimos escuchados.<\/p>\n<p>No se si la campus volver\u00e1 a recuperarse del todo este a\u00f1o pues a\u00fan sigue habiendo algunos fallos y problemas (muchos inevitables o de dif\u00edcil soluci\u00f3n). Incluso aunque este no fuera el caso, se necesita algo m\u00e1s que publicidad para arreglar lo que ha pasado en las dos ediciones anteriores y para algunos la CAC tiene mala fama. A\u00fan con todo, y aunque quiz\u00e1s no sea todo perfecto, el evento promete y mucho.<\/p>\n<p>Finalmente me vuelvo a reiterar. Cuidado con lo que promet\u00e9is si luego no lo pod\u00e9is cumplir. Va a pasar mucho tiempo hasta que la gente se olvide de lo que pas\u00f3 en 2010 con el \u00c1gora (aunque no fuera vuestra culpa que lo s\u00e9).<\/p>\n<blockquote>\n<blockquote><p>\u00a1Nos vemos en Valencia!<\/p><\/blockquote>\n<p>Si nada lo impide, claro \ud83d\ude09<\/p><\/blockquote>\n<p>Aviones que se retrasan o cancelan, fracturas a causa del hielo, meteoritos que asolan la CAC, creo que siempre puede haber un imprevisto que impida nuestras expectativas \ud83d\ude1b<\/p>\n<blockquote>\n<blockquote><p>Paco Ragageles (@pacoragageles), Belinda Galiano (@belindagaliano) y Pablo Ant\u00f3n (@perrypabloanton), co-fundadores de Campus Party.<\/p><\/blockquote>\n<p>Francisco Izquierdo (@klon)<\/p><\/blockquote>\n<p>Francisco Izquierdo (@klon)<\/p>\n<blockquote><p>NOTA: Esta carta est\u00e1 escrita a t\u00edtulo personal sin representar a ninguna comunidad de la que formo parte, y como tal me gustar\u00eda que la leyerais. A\u00f1adir que llevo muchas horas sin dormir preparando las m\u00e1quinas base que virtualizaremos en el server de campuseros durante el evento. Espero que sep\u00e1is comprenderlo y tolerar los peque\u00f1os fallos que pueda haber en esta carta como yo tolerar\u00e9 y he tolerado los vuestros \ud83d\ude09<\/p><\/blockquote>\n<p>\u00bfQuiz\u00e1s lo de los fallos os haya sentado mal? Creo que sois tan humanos como el resto y como tales tambi\u00e9n pod\u00e9is equivocaros \u00bfno?<\/p>\n","protected":false},"excerpt":{"rendered":"<p>Hola, vamos a empezar por el hecho de que aunque poco, algo he dormido. Es una l\u00e1stima que normalmente tenga las mejores ideas cuando estoy cansado pero sea entonces cuando peor las llevo a cabo (como esta carta por ejemplo). Supongo que es la aleatoriedad extra de las neuronas al estar cansadas que incrementa mi [&hellip;]<\/p>\n","protected":false},"author":1,"featured_media":0,"comment_status":"open","ping_status":"open","sticky":false,"template":"","format":"standard","meta":{"footnotes":""},"categories":[9],"tags":[],"class_list":["post-127","post","type-post","status-publish","format-standard","hentry","category-campus-party"],"_links":{"self":[{"href":"https:\/\/klondike.es\/klog\/wp-json\/wp\/v2\/posts\/127","targetHints":{"allow":["GET"]}}],"collection":[{"href":"https:\/\/klondike.es\/klog\/wp-json\/wp\/v2\/posts"}],"about":[{"href":"https:\/\/klondike.es\/klog\/wp-json\/wp\/v2\/types\/post"}],"author":[{"embeddable":true,"href":"https:\/\/klondike.es\/klog\/wp-json\/wp\/v2\/users\/1"}],"replies":[{"embeddable":true,"href":"https:\/\/klondike.es\/klog\/wp-json\/wp\/v2\/comments?post=127"}],"version-history":[{"count":8,"href":"https:\/\/klondike.es\/klog\/wp-json\/wp\/v2\/posts\/127\/revisions"}],"predecessor-version":[{"id":133,"href":"https:\/\/klondike.es\/klog\/wp-json\/wp\/v2\/posts\/127\/revisions\/133"}],"wp:attachment":[{"href":"https:\/\/klondike.es\/klog\/wp-json\/wp\/v2\/media?parent=127"}],"wp:term":[{"taxonomy":"category","embeddable":true,"href":"https:\/\/klondike.es\/klog\/wp-json\/wp\/v2\/categories?post=127"},{"taxonomy":"post_tag","embeddable":true,"href":"https:\/\/klondike.es\/klog\/wp-json\/wp\/v2\/tags?post=127"}],"curies":[{"name":"wp","href":"https:\/\/api.w.org\/{rel}","templated":true}]}}