{"id":486,"date":"2020-07-04T19:18:36","date_gmt":"2020-07-04T17:18:36","guid":{"rendered":"http:\/\/klondike.es\/klog\/?p=486"},"modified":"2020-07-04T19:18:36","modified_gmt":"2020-07-04T17:18:36","slug":"euskal-encounter-28-y-las-memorias-de-la-campus-party-espana-16","status":"publish","type":"post","link":"https:\/\/klondike.es\/klog\/2020\/07\/04\/euskal-encounter-28-y-las-memorias-de-la-campus-party-espana-16\/","title":{"rendered":"Euskal Encounter 28 y las memorias de la Campus Party Espa\u00f1a 16"},"content":{"rendered":"<p>Quien recuerde el periodo desde el fin de la 15\u00aa edici\u00f3n de la Campus Party Espa\u00f1a (#CPES15) y la 16\u00aa (#CPES16) seguramente sabr\u00e1 de que vengo a hablar, pero en 9 a\u00f1os las generaciones han cambiado mucho y hay gente que ha olvidado su pasado por el simple hecho de no haberlo vivido.<\/p>\n<p>En esta entrada voy a hablar de la pre-party de la #CPES16 y que podemos inferir de la forma de actuar de la organizaci\u00f3n de la Euskal Encounter de cara a la #EE28 (Euskal Encounter 28).<\/p>\n<p><!--more-->Al finalizar la #CPES15 era bastante claro que se aproximaban cambios, si bien la organizaci\u00f3n hab\u00eda tra\u00eddo grandes figuras a hablar al evento, la divisi\u00f3n en dos recintos separados 200 metros y la elecci\u00f3n de que \u00e1reas se ubicaban en unos y otros hab\u00eda dividido el evento en dos eventos paralelos cuyas interacciones eran escasas afectando as\u00ed a la comunidad. A\u00fan m\u00e1s alarmante fue el hecho de que finalizado el evento cerraran y vaciaran sus almacenes en Valencia (cosa que no hab\u00edan hecho antes) de ah\u00ed surgi\u00f3 merchandising de, al menos, el a\u00f1o 2006. A medida que fue pasando el tiempo fue quedando clara la nueva deriva y comunidad que los organizadores del evento quer\u00edan, ciertos sucesos de la #CPMilenio (Edici\u00f3n del Milenio en Granada) afianzaron dicho sentimiento en varios miembros activos de la comunidad que siguiendo el consejo de otros empezaron a considerar visitar la Euskal. Por su parte, las fechas, ubicaci\u00f3n (pues no ser\u00eda Valencia) y los plazos del evento iban bailando a medida que los organizadores no consegu\u00edan cerrar el apoyo institucional necesario para celebrarlo durante este tiempo hubo filtraciones, teasers y lo que iba a ser Julio fue Octubre, luego el 2013, luego el 2014 y finalmente nunca. Gracias principalmente a [K]Si <a href=\"https:\/\/www.campuseros.net\/tag\/cpes16\/page\/6\/\" rel=\"noopener\" target=\"_blank\">queda un buen registro de como las fechas de #CPES16 fueron bailando.<\/a> Al final no se celebr\u00f3 dicho evento y poco a poco las comunidades que participaban en la Campus Party se han ido disgregando en otro eventos que o bien ya exist\u00edan de antes y han crecido sustancialmente al no tener una competencia tan dura como la Euskal Encounter o la Tenerife Lan Party, o bien han surgido de las cenizas de la Campus como la DreamHack en Valencia.<\/p>\n<p>Viendo lo que pas\u00f3 con la #CPES16 no es de extra\u00f1ar pues el hermetismo con que la organizaci\u00f3n de la Euskal est\u00e1 tratando la #EE28. Especialmente si tenemos en cuenta, que algunos de los miembros m\u00e1s activos de la comunidad de la Campus Party decidimos irnos a colaborar con la Euskal, y que algunos a fecha de hoy (yo no, lo que me permite estar escribi\u00e9ndoos estas l\u00edneas) son miembros de la organizaci\u00f3n del evento*. Aquellos que vivimos el constante goteo de hype y cancelaciones de la vaporlan que fue finalmente la #CPES16 hubi\u00e9ramos preferido silencio y un claro no que varios a\u00f1os de posiblemente s\u00ed que luego quedaban en nada. Y esto seguramente est\u00e9 teniendo un peso significativo en la forma de actuar de la #EE28.<\/p>\n<p>Afortunadamente, la situaci\u00f3n con la #EE28 es muy diferente. La organizaci\u00f3n no ha perdido el apoyo institucional por lo que aunque cancelaran el evento este a\u00f1o por la pandemia de COVID-19 que asola el mundo estos d\u00edas, es muy probable que retomen el evento en cuanto la situaci\u00f3n mejore.<\/p>\n<p>Ahora que ya sabemos porque la organizaci\u00f3n de la Euskal est\u00e1 andando con pies de plomo evitando dar informaci\u00f3n hasta estar completamente segura de la misma (y si vais a mencionar las fechas, entended que nadie se esperaba una pandemia para cuando se confirmaron), podemos inferir que es lo que ha pasado internamente. Lo m\u00e1s probable, es que estuvieran barajando tres opciones: cancelar el evento este a\u00f1o, organizarlo de forma similar a la Gipuzkoa Encounter de este a\u00f1o o organizarlo de forma f\u00edsica con ciertas restricciones.<\/p>\n<p>A diferencia de la Campus, la gente que organiza la Euskal no lo hace por dinero, lo hace por que disfrutan del evento y por lo que el mismo significa para ellos. Es por ello que pod\u00e9is estar seguros de que est\u00e1n luchando (como lo hicieron en la Gipuzkoa Encounter) para que el evento suceda de un modo u otro. Si la \u00fanica alternativa que les quedara fuera cancelar el evento, lo hubieran anunciado directamente el viernes en vez de hacernos esperar hasta el Lunes. Esto nos deja con otras dos posibilidades: evento remoto o f\u00edsico.<\/p>\n<p>Preparar el evento en f\u00edsico, seguramente acarrease muchos cambios, si el evento ya se llenaba en a\u00f1os pasados, pod\u00e9is imaginaros que pasar\u00e1 si se reduce el aforo para reducir el riesgo de brotes de COVID-19. A\u00fan m\u00e1s importante es que os pod\u00e9is imaginar que ning\u00fan organismo pol\u00edtico va a querer arriesgarse a que el pr\u00f3ximo gran brote de la enfermedad sea en un evento en el que hayan colaborado. Para ir a la Euskal Encounter, gente de todas partes toma distintos medios de transporte, con el riego que conlleva si se comparte coche o se usa transporte p\u00fablico durante largos periodos de tiempo, para llegar pudi\u00e9ndose infectar, incubar, y esparcir el virus a lo largo de los d\u00edas del evento a otra gente. Todo en un evento donde la distancia entre la gente en las filas es escasa y se comparten muchos recursos con otros, por ejemplo microondas o ba\u00f1os. Entender\u00e9is pues que si bien haya quien considere que el riesgo es bajo (y es posible que lo sea), esta idea se trate con reticencia. Personalmente yo creo que no habr\u00e1 evento f\u00edsico y que, si lo hubiera, este tendr\u00eda un aforo muy limitado.<\/p>\n<p>Esto nos deja la otra posibilidad, que el evento sea en remoto. Para ello, tened en cuenta que la cantidad de trabajo que hubo por parte de la organizaci\u00f3n para hacer la Gipuzkoa Encounter de este a\u00f1o para solo una fracci\u00f3n del aforo de la Euskal fue brutal. Si este es el planteamiento que lleven, seguramente est\u00e9n aprovechando este fin de semana para intentar acabar todo lo que puedan tener pendiente y probarlo todo antes de confirmar que el evento se har\u00e1 de esta forma. Porque no quieren decepcionarnos, no quieren darnos un s\u00ed que luego se convierta en un no como ya ha pasado en otro eventos. Y en tal caso os pod\u00e9is imaginar que lo \u00faltimo que necesitan es gente critic\u00e1ndoles cuando est\u00e1n poniendo todo su empe\u00f1o en llevar a cabo el evento pese a las circunstancias actuales.<\/p>\n<p>Y es por ello que quiero cerrar este post pidi\u00e9ndoos que hag\u00e1is algo diferente. Dejad un comentario recordando alguna vez en la que un organizador os haya hecho pasar un buen momento en el evento a modo de agradecimiento. Estar\u00e9 encantado de publicar vuestros comentarios para que este sitio pueda servirles de asueto mientras se desloman para que la #EE28 se haga realidad.<\/p>\n<p>* Quiero hacer hincapi\u00e9 en que por la informaci\u00f3n que manejo, absolutamente ninguno de nosotros se arrepinti\u00f3 de haber hecho este movimiento. Debido a la forma y el esp\u00edritu en que se organiza la Euskal nos sentimos m\u00e1s c\u00f3modos y realizados colaborando con la Euskal de lo que jam\u00e1s lo estuvimos con la Campus. No por la comunidad (puesto que ambas eran muy buenas) sino por la organizaci\u00f3n y la forma en la que se lleva a cabo el evento.<\/p>\n","protected":false},"excerpt":{"rendered":"<p>Quien recuerde el periodo desde el fin de la 15\u00aa edici\u00f3n de la Campus Party Espa\u00f1a (#CPES15) y la 16\u00aa (#CPES16) seguramente sabr\u00e1 de que vengo a hablar, pero en 9 a\u00f1os las generaciones han cambiado mucho y hay gente que ha olvidado su pasado por el simple hecho de no haberlo vivido. En esta [&hellip;]<\/p>\n","protected":false},"author":1,"featured_media":0,"comment_status":"open","ping_status":"open","sticky":false,"template":"","format":"standard","meta":{"footnotes":""},"categories":[9,24],"tags":[85,15,86,84,16,87],"class_list":["post-486","post","type-post","status-publish","format-standard","hentry","category-campus-party","category-lan-parties","tag-campus","tag-campus-party-2","tag-euskal","tag-euskal-encounter","tag-lan-party","tag-organizacion"],"_links":{"self":[{"href":"https:\/\/klondike.es\/klog\/wp-json\/wp\/v2\/posts\/486","targetHints":{"allow":["GET"]}}],"collection":[{"href":"https:\/\/klondike.es\/klog\/wp-json\/wp\/v2\/posts"}],"about":[{"href":"https:\/\/klondike.es\/klog\/wp-json\/wp\/v2\/types\/post"}],"author":[{"embeddable":true,"href":"https:\/\/klondike.es\/klog\/wp-json\/wp\/v2\/users\/1"}],"replies":[{"embeddable":true,"href":"https:\/\/klondike.es\/klog\/wp-json\/wp\/v2\/comments?post=486"}],"version-history":[{"count":2,"href":"https:\/\/klondike.es\/klog\/wp-json\/wp\/v2\/posts\/486\/revisions"}],"predecessor-version":[{"id":488,"href":"https:\/\/klondike.es\/klog\/wp-json\/wp\/v2\/posts\/486\/revisions\/488"}],"wp:attachment":[{"href":"https:\/\/klondike.es\/klog\/wp-json\/wp\/v2\/media?parent=486"}],"wp:term":[{"taxonomy":"category","embeddable":true,"href":"https:\/\/klondike.es\/klog\/wp-json\/wp\/v2\/categories?post=486"},{"taxonomy":"post_tag","embeddable":true,"href":"https:\/\/klondike.es\/klog\/wp-json\/wp\/v2\/tags?post=486"}],"curies":[{"name":"wp","href":"https:\/\/api.w.org\/{rel}","templated":true}]}}